
{"id":5118,"date":"2026-03-04T23:34:14","date_gmt":"2026-03-04T22:34:14","guid":{"rendered":"http:\/\/www.cd45.fr\/v2\/?p=5118"},"modified":"2026-03-04T23:34:14","modified_gmt":"2026-03-04T22:34:14","slug":"deces-de-guy-suchaud","status":"publish","type":"post","link":"http:\/\/www.cd45.fr\/v2\/?p=5118","title":{"rendered":"D\u00e9c\u00e8s de Guy SUCHAUD"},"content":{"rendered":"<p>Voici un mot de notre pr\u00e9sident :<\/p>\n<p style=\"text-align: justify;\">\u00ab\u00a0C\u2019est avec beaucoup de tristesse que nous avons appris le d\u00e9c\u00e8s de Guy SUCHAUD.<\/p>\n<p style=\"text-align: justify;\">Il faisait partie du club de Jargeau o\u00f9, \u00e0 ce titre, il a disput\u00e9 bon nombre de championnats et de comp\u00e9titions individuels ou par \u00e9quipe et ces derni\u00e8res ann\u00e9es dans la cat\u00e9gorie v\u00e9t\u00e9rans.<\/p>\n<p style=\"text-align: justify;\">Simple, discret, sympathique mais comp\u00e9tent dans son domaine la p\u00eache de comp\u00e9tition o\u00f9 ses \u00e9changes et ses observations mettaient en valeur ses connaissances.<\/p>\n<p style=\"text-align: justify;\">C\u2019est avec un r\u00e9el plaisir que j\u2019aimais dialoguer avec lui sur tous les sujets qui tournaient autour de la p\u00eache de loisir ou de comp\u00e9tition aussi bien sur la partie pratique que la comp\u00e9tition.<\/p>\n<p style=\"text-align: justify;\">Le Comit\u00e9 Sportif D\u00e9partemental du Loiret, les comp\u00e9titeurs, les clubs et moi-m\u00eame adressons \u00e0 toute sa famille et ses proches nos plus sinc\u00e8res condol\u00e9ances, sans oublier son club et son Pr\u00e9sident dans ces moments si p\u00e9nibles.<\/p>\n<p>&nbsp;<\/p>\n<p><img loading=\"lazy\" decoding=\"async\" src=\"http:\/\/www.cd45.fr\/v2\/wp-content\/uploads\/2026\/03\/guy_suchaud.jpg\" alt=\"\" width=\"262\" height=\"369\" class=\"aligncenter size-full wp-image-5120\" srcset=\"http:\/\/www.cd45.fr\/v2\/wp-content\/uploads\/2026\/03\/guy_suchaud.jpg 262w, http:\/\/www.cd45.fr\/v2\/wp-content\/uploads\/2026\/03\/guy_suchaud-213x300.jpg 213w\" sizes=\"(max-width: 262px) 100vw, 262px\" \/><\/p>\n","protected":false},"excerpt":{"rendered":"<p>Voici un mot de notre pr\u00e9sident : \u00ab\u00a0C\u2019est avec beaucoup de tristesse que nous avons appris le d\u00e9c\u00e8s de Guy SUCHAUD. Il faisait partie du club de Jargeau o\u00f9, \u00e0 ce titre, il a disput\u00e9 bon nombre de championnats et &hellip; <a href=\"http:\/\/www.cd45.fr\/v2\/?p=5118\">Continuer la lecture <span class=\"meta-nav\">&rarr;<\/span><\/a><\/p>\n","protected":false},"author":1,"featured_media":0,"comment_status":"closed","ping_status":"closed","sticky":false,"template":"","format":"standard","meta":{"footnotes":""},"categories":[1],"tags":[],"_links":{"self":[{"href":"http:\/\/www.cd45.fr\/v2\/index.php?rest_route=\/wp\/v2\/posts\/5118"}],"collection":[{"href":"http:\/\/www.cd45.fr\/v2\/index.php?rest_route=\/wp\/v2\/posts"}],"about":[{"href":"http:\/\/www.cd45.fr\/v2\/index.php?rest_route=\/wp\/v2\/types\/post"}],"author":[{"embeddable":true,"href":"http:\/\/www.cd45.fr\/v2\/index.php?rest_route=\/wp\/v2\/users\/1"}],"replies":[{"embeddable":true,"href":"http:\/\/www.cd45.fr\/v2\/index.php?rest_route=%2Fwp%2Fv2%2Fcomments&post=5118"}],"version-history":[{"count":2,"href":"http:\/\/www.cd45.fr\/v2\/index.php?rest_route=\/wp\/v2\/posts\/5118\/revisions"}],"predecessor-version":[{"id":5121,"href":"http:\/\/www.cd45.fr\/v2\/index.php?rest_route=\/wp\/v2\/posts\/5118\/revisions\/5121"}],"wp:attachment":[{"href":"http:\/\/www.cd45.fr\/v2\/index.php?rest_route=%2Fwp%2Fv2%2Fmedia&parent=5118"}],"wp:term":[{"taxonomy":"category","embeddable":true,"href":"http:\/\/www.cd45.fr\/v2\/index.php?rest_route=%2Fwp%2Fv2%2Fcategories&post=5118"},{"taxonomy":"post_tag","embeddable":true,"href":"http:\/\/www.cd45.fr\/v2\/index.php?rest_route=%2Fwp%2Fv2%2Ftags&post=5118"}],"curies":[{"name":"wp","href":"https:\/\/api.w.org\/{rel}","templated":true}]}}