
{"id":4481,"date":"2024-10-02T21:34:06","date_gmt":"2024-10-02T20:34:06","guid":{"rendered":"http:\/\/www.cd45.fr\/v2\/?p=4481"},"modified":"2024-10-02T21:34:06","modified_gmt":"2024-10-02T20:34:06","slug":"comite-directeur-du-cd","status":"publish","type":"post","link":"http:\/\/www.cd45.fr\/v2\/?p=4481","title":{"rendered":"Comit\u00e9 directeur du CD"},"content":{"rendered":"<p>Voici la liste du nouveau COMITE DIRECTEUR FFPS ET DELEGATION EAU DOUCE DU CD 45 2025 \u2013 2028<\/p>\n<p>&#8211; BEIGNET Guillaume<\/p>\n<p>\n&#8211; BIARD Didier<\/p>\n<p>&#8211; BOULANGER Philippe<\/p>\n<p>&#8211; CORDIER Denis<\/p>\n<p>&#8211; DELOURME Yannick<\/p>\n<p>&#8211; DUMONTOUX Didier<\/p>\n<p>&#8211; DUPRE Hugues<\/p>\n<p>&#8211; EUDES Jean Fran\u00e7ois<\/p>\n<p>&#8211; GODARD Thomas<\/p>\n<p>&#8211; GUILBOT Yvon<\/p>\n<p>&#8211; GUILLER Pascal<\/p>\n<p>&#8211; LANDRY Cyril<\/p>\n<p>&#8211; LEFEVBRE Christophe<\/p>\n<p>&#8211; LEGER Maxime<\/p>\n<p>&#8211; MARTINET Jean Luc<\/p>\n<p>&#8211; MEAUME Sylvain<\/p>\n<p>&#8211; Mme MISSERI Dominique &nbsp;&nbsp;&nbsp;TRESORIERE \u2013 Fichier Licences<\/p>\n<p>&#8211; MISSERI Jean Pierre &nbsp;&nbsp;&nbsp;PRESIDENT<\/p>\n<p>&#8211; PAVARD S\u00e9bastien<\/p>\n<p>&#8211; PROCHASSON Alain<\/p>\n<p>&#8211; PROCHASSON Fabrice<\/p>\n<p>&#8211; ROSA Pascal<\/p>\n<p>&#8211; SIFFELET David &nbsp;&nbsp;&nbsp;SECRETAIRE<\/p>\n<p>&#8211; THION Jean Marc<\/p>\n<p>&#8211; VADDE R\u00e9mi<\/p>\n<p><\/p>\n<p>&nbsp;<\/p>\n<p style=\"text-align: justify;\">\u00ab\u00a0D\u00e8s que les \u00e9lections de la D\u00e9l\u00e9gation eau douce et de la FFPS seront effectu\u00e9es, nous nous r\u00e9unirons pour les orientations et les r\u00f4les de chacun afin de pr\u00e9senter l\u2019ensemble \u00e0 l\u2019AG de d\u00e9but d\u2019ann\u00e9e de notre CD.<\/p>\n<p style=\"text-align: justify;\">J\u2019ai besoin des dates de naissances, des adresses, des num\u00e9ros de t\u00e9l\u00e9phone et des adresses mail de chacun, j\u2019en ai d\u00e9j\u00e0 beaucoup en ma possession mais cela va me permettre de v\u00e9rifier l\u2019exactitude des donn\u00e9es.<\/p>\n<p style=\"text-align: justify;\">Merci encore pour vos investissements et de r\u00e9pondre toujours \u00e0 mes demandes.<\/p>\n<p style=\"text-align: justify;\">Amiti\u00e9s<\/p>\n<p style=\"text-align: justify;\">JPM\u00a0\u00bb<\/p>\n","protected":false},"excerpt":{"rendered":"<p>Voici la liste du nouveau COMITE DIRECTEUR FFPS ET DELEGATION EAU DOUCE DU CD 45 2025 \u2013 2028 &#8211; BEIGNET Guillaume &#8211; BIARD Didier &#8211; BOULANGER Philippe &#8211; CORDIER Denis &#8211; DELOURME Yannick &#8211; DUMONTOUX Didier &#8211; DUPRE Hugues &#8211; &hellip; <a href=\"http:\/\/www.cd45.fr\/v2\/?p=4481\">Continuer la lecture <span class=\"meta-nav\">&rarr;<\/span><\/a><\/p>\n","protected":false},"author":1,"featured_media":0,"comment_status":"closed","ping_status":"closed","sticky":false,"template":"","format":"standard","meta":{"footnotes":""},"categories":[1],"tags":[],"_links":{"self":[{"href":"http:\/\/www.cd45.fr\/v2\/index.php?rest_route=\/wp\/v2\/posts\/4481"}],"collection":[{"href":"http:\/\/www.cd45.fr\/v2\/index.php?rest_route=\/wp\/v2\/posts"}],"about":[{"href":"http:\/\/www.cd45.fr\/v2\/index.php?rest_route=\/wp\/v2\/types\/post"}],"author":[{"embeddable":true,"href":"http:\/\/www.cd45.fr\/v2\/index.php?rest_route=\/wp\/v2\/users\/1"}],"replies":[{"embeddable":true,"href":"http:\/\/www.cd45.fr\/v2\/index.php?rest_route=%2Fwp%2Fv2%2Fcomments&post=4481"}],"version-history":[{"count":10,"href":"http:\/\/www.cd45.fr\/v2\/index.php?rest_route=\/wp\/v2\/posts\/4481\/revisions"}],"predecessor-version":[{"id":4491,"href":"http:\/\/www.cd45.fr\/v2\/index.php?rest_route=\/wp\/v2\/posts\/4481\/revisions\/4491"}],"wp:attachment":[{"href":"http:\/\/www.cd45.fr\/v2\/index.php?rest_route=%2Fwp%2Fv2%2Fmedia&parent=4481"}],"wp:term":[{"taxonomy":"category","embeddable":true,"href":"http:\/\/www.cd45.fr\/v2\/index.php?rest_route=%2Fwp%2Fv2%2Fcategories&post=4481"},{"taxonomy":"post_tag","embeddable":true,"href":"http:\/\/www.cd45.fr\/v2\/index.php?rest_route=%2Fwp%2Fv2%2Ftags&post=4481"}],"curies":[{"name":"wp","href":"https:\/\/api.w.org\/{rel}","templated":true}]}}