
{"id":4408,"date":"2024-08-06T11:40:28","date_gmt":"2024-08-06T10:40:28","guid":{"rendered":"http:\/\/www.cd45.fr\/v2\/?p=4408"},"modified":"2024-08-06T11:40:28","modified_gmt":"2024-08-06T10:40:28","slug":"regionale-carpe","status":"publish","type":"post","link":"http:\/\/www.cd45.fr\/v2\/?p=4408","title":{"rendered":"R\u00e9gionale Carpe"},"content":{"rendered":"<p>Si vous souhaitez participer \u00e0 ce championnat qui se tiendra \u00e0 DOUY les 13, 14 et 15 septembre 2024, transmettez vos demandes d&rsquo;inscription \u00e0 Dominique avant le 20 ao\u00fbt.<\/p>\n","protected":false},"excerpt":{"rendered":"<p>Si vous souhaitez participer \u00e0 ce championnat qui se tiendra \u00e0 DOUY les 13, 14 et 15 septembre 2024, transmettez vos demandes d&rsquo;inscription \u00e0 Dominique avant le 20 ao\u00fbt.<\/p>\n","protected":false},"author":1,"featured_media":0,"comment_status":"closed","ping_status":"closed","sticky":false,"template":"","format":"standard","meta":{"footnotes":""},"categories":[5,9],"tags":[],"_links":{"self":[{"href":"http:\/\/www.cd45.fr\/v2\/index.php?rest_route=\/wp\/v2\/posts\/4408"}],"collection":[{"href":"http:\/\/www.cd45.fr\/v2\/index.php?rest_route=\/wp\/v2\/posts"}],"about":[{"href":"http:\/\/www.cd45.fr\/v2\/index.php?rest_route=\/wp\/v2\/types\/post"}],"author":[{"embeddable":true,"href":"http:\/\/www.cd45.fr\/v2\/index.php?rest_route=\/wp\/v2\/users\/1"}],"replies":[{"embeddable":true,"href":"http:\/\/www.cd45.fr\/v2\/index.php?rest_route=%2Fwp%2Fv2%2Fcomments&post=4408"}],"version-history":[{"count":1,"href":"http:\/\/www.cd45.fr\/v2\/index.php?rest_route=\/wp\/v2\/posts\/4408\/revisions"}],"predecessor-version":[{"id":4409,"href":"http:\/\/www.cd45.fr\/v2\/index.php?rest_route=\/wp\/v2\/posts\/4408\/revisions\/4409"}],"wp:attachment":[{"href":"http:\/\/www.cd45.fr\/v2\/index.php?rest_route=%2Fwp%2Fv2%2Fmedia&parent=4408"}],"wp:term":[{"taxonomy":"category","embeddable":true,"href":"http:\/\/www.cd45.fr\/v2\/index.php?rest_route=%2Fwp%2Fv2%2Fcategories&post=4408"},{"taxonomy":"post_tag","embeddable":true,"href":"http:\/\/www.cd45.fr\/v2\/index.php?rest_route=%2Fwp%2Fv2%2Ftags&post=4408"}],"curies":[{"name":"wp","href":"https:\/\/api.w.org\/{rel}","templated":true}]}}