
{"id":3062,"date":"2021-09-25T09:48:52","date_gmt":"2021-09-25T08:48:52","guid":{"rendered":"http:\/\/www.cd45.fr\/v2\/?p=3062"},"modified":"2021-09-25T09:50:19","modified_gmt":"2021-09-25T08:50:19","slug":"un-mot-du-president-5","status":"publish","type":"post","link":"http:\/\/www.cd45.fr\/v2\/?p=3062","title":{"rendered":"Un mot du pr\u00e9sident"},"content":{"rendered":"<p>Bonjour,<\/p>\n<p>Ce petit mot pour vous informer de diff\u00e9rentes choses dans la mesure o\u00f9 je ne vois pas tout le monde.<\/p>\n<p>Pour l\u2019administration du CD , nous avons re\u00e7u l\u2019ensemble des subventions dont j\u2019avais r\u00e9alis\u00e9 les dossiers, une derni\u00e8re est en cours d\u2019ex\u00e9cution. Des explications sont n\u00e9cessaires surtout pour une meilleure compr\u00e9hension. Vous ne devez pas penser que de l\u2019argent d\u2019\u00e9tat peut nous \u00eatre donn\u00e9 sans contribution. Des actions sont inscrites et seulement si elles sont r\u00e9alis\u00e9es elles peuvent entrainer une aide. Aussi cette ann\u00e9e comme les autres ann\u00e9es je les ai r\u00e9alis\u00e9es et le plus souvent avec Dominique. C\u2019est un nombre tr\u00e8s important d\u2019animations qui repr\u00e9sentent un nombre d\u2019heures non n\u00e9gligeable. De ce fait je ne peux pas me couper en dix et en plus organiser des comp\u00e8tes, tout cela en semaine ou les samedis  pour les r\u00e9aliser. Je tenais dans ce courrier \u00e0 remercier la FFPS d\u2019avoir pris acte de nos dossiers et par le biais de l\u2019ANS de nous avoir subventionn\u00e9. La somme est importante. Il est toujours facile de critiquer mais il faut aussi savoir remercier et citer pour le bien apport\u00e9 \u00e0 nos licenci\u00e9s surtout dans cette p\u00e9riode.<\/p>\n<p>Pour le calendrier et pour r\u00e9pondre \u00e0 des gens qui je pense ne doivent pas relire les textes qu\u2019ils m\u2019envoient, mais j\u2019ai \u00e9t\u00e9 tr\u00e8s clair en AG, \u00e0 chacun de me transmettre ses dates et, une \u00e9vidence criarde, sans date pas de calendrier. Beaucoup de modifications sont survenues qui \u00e9taient li\u00e9es \u00e0 la pand\u00e9mie et non de mon propre chef. J\u2019ai moi-m\u00eame organis\u00e9 sous l\u2019\u00e9gide du Team des comp\u00e9titions comme d\u2019autres l\u2019ont fait et je les en remercie. La carpe est mise en avant, mais nous avons la chance d\u2019avoir une personne d\u00e9vou\u00e9e qui se nomme Didier Biard, qui suit de tr\u00e8s pr\u00e8s cette discipline ce qui permet de r\u00e9aliser une saison compl\u00e8te et sans probl\u00e8me malgr\u00e9 la covid.  C\u2019est simplement la d\u00e9monstration que si des gens organisent il y a toujours moyen de faire. Nous avons des gens d\u00e9vou\u00e9s en R\u00e9gion Centre pour permettre cette cat\u00e9gorie et comme les choses se passent bien, du coup beaucoup nous rejoignent.<\/p>\n<p>Nous allons nous r\u00e9unir \u00e0 nouveau en AG en pr\u00e9sentiel. Il a \u00e9t\u00e9 vraiment pr\u00e9judiciable de ne pas avoir voulu le faire en visio alors que notre F\u00e9d\u00e9ration a proc\u00e9d\u00e9 de la sorte.<\/p>\n<p>Le reproche de manquer de parcours est une fausse excuse, la voiture derri\u00e8re est, aujourd\u2019hui, l\u2019obligation premi\u00e8re pour p\u00eacher. J\u2019ai repris dans mes documents( 50 ann\u00e9es de notes) les lieux o\u00f9 nous avions des comp\u00e8tes, pour certaines comme Ch\u00e9cy j\u2019ai connu 1200 participants avec en plus un d\u00e9fil\u00e9, Sully les chariots et 2 tours, tous les canaux navigables ou pas (chariots) et des victoires qui ne d\u00e9passaient pas toujours 1000 pts mais beaucoup de b\u00e9n\u00e9voles pour organiser et moins pour critiquer. Toutes ces critiques ont entrain\u00e9 l\u2019arr\u00eat de beaucoup de soci\u00e9t\u00e9 (AAPPMA) qui pla\u00e7aient des dates par passion et non par besoin. Il reste dans notre d\u00e9partement encore beaucoup de lieux pour nous accueillir mais pour cela il faut aussi le courage et l\u2019envie de s\u2019investir au nom du club ou en son nom propre en respectant le propri\u00e9taire ou le gestionnaire et la l\u00e9gislation de la p\u00eache.<\/p>\n<p>Dans mon courrier il n\u2019y a aucune vell\u00e9it\u00e9 ni attaque mais des constatations et une \u00e9vidence, la covid n\u2019a pas arrang\u00e9 les choses et j\u2019esp\u00e8re que la situation va nous permettre de nouveau de proc\u00e9der comme avant m\u00eame si rien ne sera comme avant.<\/p>\n<p>Pour la semaine prochaine, je suis oblig\u00e9 d\u2019annuler le concours v\u00e9t\u00e9rans en semaine car je n\u2019ai personne pour organiser, je suis pris mardi et mercredi donc je ne peux pas m\u2019en occuper. J\u2019avais le lieu et m\u00eame command\u00e9 mes vaseux mais deux interventions importantes sont tomb\u00e9es auxquelles je ne peux pas \u00eatre absent.<\/p>\n<p>Je vous ai envoy\u00e9 un mail pour la r\u00e9union avec la f\u00e9d\u00e9ration Loisir et je n\u2019ai pas eu le retour de l\u2019ensemble du CD sur le sujet. N\u2019h\u00e9sitez \u00e0 me donner votre ressenti, merci.<\/p>\n<p>Amiti\u00e9s,<\/p>\n<p>JPM<\/p>\n","protected":false},"excerpt":{"rendered":"<p>Bonjour, Ce petit mot pour vous informer de diff\u00e9rentes choses dans la mesure o\u00f9 je ne vois pas tout le monde. Pour l\u2019administration du CD , nous avons re\u00e7u l\u2019ensemble des subventions dont j\u2019avais r\u00e9alis\u00e9 les dossiers, une derni\u00e8re est &hellip; <a href=\"http:\/\/www.cd45.fr\/v2\/?p=3062\">Continuer la lecture <span class=\"meta-nav\">&rarr;<\/span><\/a><\/p>\n","protected":false},"author":1,"featured_media":0,"comment_status":"closed","ping_status":"closed","sticky":false,"template":"","format":"standard","meta":{"footnotes":""},"categories":[1],"tags":[],"_links":{"self":[{"href":"http:\/\/www.cd45.fr\/v2\/index.php?rest_route=\/wp\/v2\/posts\/3062"}],"collection":[{"href":"http:\/\/www.cd45.fr\/v2\/index.php?rest_route=\/wp\/v2\/posts"}],"about":[{"href":"http:\/\/www.cd45.fr\/v2\/index.php?rest_route=\/wp\/v2\/types\/post"}],"author":[{"embeddable":true,"href":"http:\/\/www.cd45.fr\/v2\/index.php?rest_route=\/wp\/v2\/users\/1"}],"replies":[{"embeddable":true,"href":"http:\/\/www.cd45.fr\/v2\/index.php?rest_route=%2Fwp%2Fv2%2Fcomments&post=3062"}],"version-history":[{"count":5,"href":"http:\/\/www.cd45.fr\/v2\/index.php?rest_route=\/wp\/v2\/posts\/3062\/revisions"}],"predecessor-version":[{"id":3067,"href":"http:\/\/www.cd45.fr\/v2\/index.php?rest_route=\/wp\/v2\/posts\/3062\/revisions\/3067"}],"wp:attachment":[{"href":"http:\/\/www.cd45.fr\/v2\/index.php?rest_route=%2Fwp%2Fv2%2Fmedia&parent=3062"}],"wp:term":[{"taxonomy":"category","embeddable":true,"href":"http:\/\/www.cd45.fr\/v2\/index.php?rest_route=%2Fwp%2Fv2%2Fcategories&post=3062"},{"taxonomy":"post_tag","embeddable":true,"href":"http:\/\/www.cd45.fr\/v2\/index.php?rest_route=%2Fwp%2Fv2%2Ftags&post=3062"}],"curies":[{"name":"wp","href":"https:\/\/api.w.org\/{rel}","templated":true}]}}